{"id":273,"date":"2008-08-29T10:37:40","date_gmt":"2008-08-29T08:37:40","guid":{"rendered":"http:\/\/kmim.wm.pwr.edu.pl\/immt\/2008\/08\/29\/przerwa-w-dostawie-energii-elektrycznej\/"},"modified":"2008-08-29T10:37:40","modified_gmt":"2008-08-29T08:37:40","slug":"przerwa-w-dostawie-energii-elektrycznej","status":"publish","type":"post","link":"https:\/\/kmim.wm.pwr.edu.pl\/immt\/2008\/08\/29\/przerwa-w-dostawie-energii-elektrycznej\/","title":{"rendered":"Przerwa w dostawie energii elektrycznej"},"content":{"rendered":"<p>Kompetentne organy informuj\u0105, \u017ce zapowiadana jest kolejna przerwa w dostawie energii elektrycznej w rejonie budynk\u00f3w A. Nie b\u0119dzie to mia\u0142o wp\u0142ywu na wy\u0142\u0105czenia pr\u0105du w budynku B1.   <\/p>\n<p style=\"font-weight: bold;\">Niestety, wy\u0142\u0105czenie pr\u0105du w rejonie A powoduje odci\u0119cie od sieci naszych komputer\u00f3w!  <\/p>\n<p>Przerwa w dostawie energii energii elektrycznej do kompleksu budynk\u00f3w A (z wyj\u0105tkiem A-1) na PWr b\u0119dzie trwa\u0142a od dzi\u015b od ok. 17.00 do jutra do godziny ok. 18.00 <\/p>\n","protected":false},"excerpt":{"rendered":"<p>Kompetentne organy informuj\u0105, \u017ce zapowiadana jest kolejna przerwa w dostawie energii elektrycznej w rejonie budynk\u00f3w A. Nie b\u0119dzie to mia\u0142o wp\u0142ywu na wy\u0142\u0105czenia pr\u0105du w budynku B1. Niestety, wy\u0142\u0105czenie pr\u0105du w rejonie A powoduje odci\u0119cie od sieci naszych komputer\u00f3w! Przerwa w dostawie energii energii elektrycznej do kompleksu budynk\u00f3w A (z wyj\u0105tkiem A-1) na PWr b\u0119dzie &hellip; <a href=\"https:\/\/kmim.wm.pwr.edu.pl\/immt\/2008\/08\/29\/przerwa-w-dostawie-energii-elektrycznej\/\" class=\"more-link\">Czytaj dalej <span class=\"screen-reader-text\">Przerwa w dostawie energii elektrycznej<\/span> <span class=\"meta-nav\">&rarr;<\/span><\/a><\/p>\n","protected":false},"author":1,"featured_media":0,"comment_status":"closed","ping_status":"open","sticky":false,"template":"","format":"standard","meta":{"ngg_post_thumbnail":0,"footnotes":""},"categories":[24],"tags":[],"class_list":["post-273","post","type-post","status-publish","format-standard","hentry","category-pwr"],"publishpress_future_action":{"enabled":false,"date":"2026-05-04 11:16:36","action":"change-status","newStatus":"draft","terms":[],"taxonomy":"category","extraData":[]},"publishpress_future_workflow_manual_trigger":{"enabledWorkflows":[]},"_links":{"self":[{"href":"https:\/\/kmim.wm.pwr.edu.pl\/immt\/wp-json\/wp\/v2\/posts\/273","targetHints":{"allow":["GET"]}}],"collection":[{"href":"https:\/\/kmim.wm.pwr.edu.pl\/immt\/wp-json\/wp\/v2\/posts"}],"about":[{"href":"https:\/\/kmim.wm.pwr.edu.pl\/immt\/wp-json\/wp\/v2\/types\/post"}],"author":[{"embeddable":true,"href":"https:\/\/kmim.wm.pwr.edu.pl\/immt\/wp-json\/wp\/v2\/users\/1"}],"replies":[{"embeddable":true,"href":"https:\/\/kmim.wm.pwr.edu.pl\/immt\/wp-json\/wp\/v2\/comments?post=273"}],"version-history":[{"count":0,"href":"https:\/\/kmim.wm.pwr.edu.pl\/immt\/wp-json\/wp\/v2\/posts\/273\/revisions"}],"wp:attachment":[{"href":"https:\/\/kmim.wm.pwr.edu.pl\/immt\/wp-json\/wp\/v2\/media?parent=273"}],"wp:term":[{"taxonomy":"category","embeddable":true,"href":"https:\/\/kmim.wm.pwr.edu.pl\/immt\/wp-json\/wp\/v2\/categories?post=273"},{"taxonomy":"post_tag","embeddable":true,"href":"https:\/\/kmim.wm.pwr.edu.pl\/immt\/wp-json\/wp\/v2\/tags?post=273"}],"curies":[{"name":"wp","href":"https:\/\/api.w.org\/{rel}","templated":true}]}}