{"id":1957,"date":"2015-09-14T09:42:01","date_gmt":"2015-09-14T09:42:01","guid":{"rendered":"http:\/\/No-wiec-u-nas-Kongres-Gorniczy-Jest-orkiestra-deta-i-Gornicza-podjezdzaja-limuzyny-z-generalami-Patrz-patrz"},"modified":"2015-09-14T09:42:01","modified_gmt":"2015-09-14T09:42:01","slug":"no-wiec-u-nas-kongres-gorniczy-jest-orkiestra-deta-i-gornicza-podjezdzaja-limuzyny-z-generalami-patrz-patrz","status":"publish","type":"post","link":"https:\/\/kmim.wm.pwr.edu.pl\/myszka\/2015\/09\/14\/no-wiec-u-nas-kongres-gorniczy-jest-orkiestra-deta-i-gornicza-podjezdzaja-limuzyny-z-generalami-patrz-patrz\/","title":{"rendered":"No wi\u0119c u nas Kongres G\u00f3rniczy. Jest orkiestra d\u0119ta i G\u00f3rnicza, podje\u017cd\u017caj\u0105 limuzyny z genera\u0142ami (Patrz, patrz!&#8230;"},"content":{"rendered":"<p>        No wi\u0119c u nas Kongres G\u00f3rniczy. Jest orkiestra d\u0119ta i G\u00f3rnicza, podje\u017cd\u017caj\u0105 limuzyny z genera\u0142ami <em>(Patrz, patrz! Czym przyjecha\u0142 ten z KGHM!<\/em> No, przyjecha\u0142 eleganck\u0105 limuzyn\u0105, wysiadaj\u0105c w\u0142o\u017cy\u0142 szamerowany z\u0142otem mundur. Mnie zadziwili to, \u017ce limuzyna wyposa\u017cona by\u0142a w CB-radio, co sugeruje, \u017ce \u017cadnych innych przywilej\u00f3w genera\u0142 nie posiada.) <\/p>\n<p>Do niekt\u00f3rych naszych g\u00f3rnik\u00f3w mam bardzo wiele szacunku. Mamy tak\u0105 Pani\u0105 Profesor, w hierarchii g\u00f3rniczej bardzo wysoko i do tego z g\u0142ow\u0105 i (wybaczcie mi kolokwialno\u015b\u0107 niegodn\u0105 damy \u2014 r\u00f3wnie\u017c z innymi przymiotami niezb\u0119dnymi u ka\u017cdego  <strike>krasnoluda<\/strike> g\u00f3rnika). Zaimponowa\u0142a mi na jednym zebraniu dotycz\u0105cym Informatyzacji uczelni. Twierdzi\u0142a, \u017ce si\u0119 na tym nie zna, ale w formu\u0142owaniu postulat\u00f3w by\u0142a najbardziej konkretna. <\/p>\n<p>Nie wiem ile w tym prawdy, ale dopuszczalna jest (cho\u0107 nie wiem ile w tym prawdy) do karczm piwnych. I opowiada tam takie dowcipy, \u017ce\u2026 <\/p>\n<p><img decoding=\"async\" class=\"alignnone\" src=\"http:\/\/kmim.wm.pwr.edu.pl\/myszka\/wp-content\/uploads\/sites\/2\/2015\/09\/14.09.20152B-2B1.jpeg\" alt=\"\" \/><\/p>\n<p><img decoding=\"async\" class=\"alignnone\" src=\"http:\/\/kmim.wm.pwr.edu.pl\/myszka\/wp-content\/uploads\/sites\/2\/2015\/09\/14.09.20152B-2B2.jpeg\" alt=\"\" \/><\/p>\n","protected":false},"excerpt":{"rendered":"<p>        No wi\u0119c u nas Kongres G\u00f3rniczy. Jest orkiestra d\u0119ta i G\u00f3rnicza, podje\u017cd\u017caj\u0105 limuzyny z genera\u0142ami (Patrz, patrz!&#8230;<\/p>\n","protected":false},"author":1,"featured_media":0,"comment_status":"open","ping_status":"open","sticky":false,"template":"","format":"standard","meta":{"ngg_post_thumbnail":0,"footnotes":""},"categories":[275],"tags":[],"class_list":["post-1957","post","type-post","status-publish","format-standard","hentry","category-politechnika-wroclawska-ogladana-z-b1"],"publishpress_future_action":{"enabled":false,"date":"2026-05-09 14:15:43","action":"change-status","newStatus":"draft","terms":[],"taxonomy":"category","extraData":[]},"publishpress_future_workflow_manual_trigger":{"enabledWorkflows":[]},"_links":{"self":[{"href":"https:\/\/kmim.wm.pwr.edu.pl\/myszka\/wp-json\/wp\/v2\/posts\/1957","targetHints":{"allow":["GET"]}}],"collection":[{"href":"https:\/\/kmim.wm.pwr.edu.pl\/myszka\/wp-json\/wp\/v2\/posts"}],"about":[{"href":"https:\/\/kmim.wm.pwr.edu.pl\/myszka\/wp-json\/wp\/v2\/types\/post"}],"author":[{"embeddable":true,"href":"https:\/\/kmim.wm.pwr.edu.pl\/myszka\/wp-json\/wp\/v2\/users\/1"}],"replies":[{"embeddable":true,"href":"https:\/\/kmim.wm.pwr.edu.pl\/myszka\/wp-json\/wp\/v2\/comments?post=1957"}],"version-history":[{"count":0,"href":"https:\/\/kmim.wm.pwr.edu.pl\/myszka\/wp-json\/wp\/v2\/posts\/1957\/revisions"}],"wp:attachment":[{"href":"https:\/\/kmim.wm.pwr.edu.pl\/myszka\/wp-json\/wp\/v2\/media?parent=1957"}],"wp:term":[{"taxonomy":"category","embeddable":true,"href":"https:\/\/kmim.wm.pwr.edu.pl\/myszka\/wp-json\/wp\/v2\/categories?post=1957"},{"taxonomy":"post_tag","embeddable":true,"href":"https:\/\/kmim.wm.pwr.edu.pl\/myszka\/wp-json\/wp\/v2\/tags?post=1957"}],"curies":[{"name":"wp","href":"https:\/\/api.w.org\/{rel}","templated":true}]}}