{"id":23017,"date":"2016-06-14T15:26:29","date_gmt":"2016-06-14T13:26:29","guid":{"rendered":"http:\/\/kmim.wm.pwr.edu.pl\/myszka\/?p=23017"},"modified":"2016-07-05T22:18:48","modified_gmt":"2016-07-05T20:18:48","slug":"terminy-zaliczen-zapisy","status":"publish","type":"post","link":"https:\/\/kmim.wm.pwr.edu.pl\/myszka\/2016\/06\/14\/terminy-zaliczen-zapisy\/","title":{"rendered":"Terminy zalicze\u0144: zapisy"},"content":{"rendered":"<p><a href=\"http:\/\/kmim.wm.pwr.edu.pl\/myszka\/events\/informatyka-i-podstawy-informatyki-zaliczenia\/\">Wyznaczy\u0142em pierwsze terminy zalicze\u0144<\/a>. Obejmuj\u0105 one koniec tego tygodnia i pocz\u0105tek nast\u0119pnego. Kolejne terminy pojawi\u0105 si\u0119 gdy lepiej ogarn\u0119 sw\u00f3j kalendarz i inne obowi\u0105zki. Na miejscu jestem do ko\u0144ca sesji wi\u0119c z tym nie b\u0119dzie\u00a0problemu.<\/p>\n<p>Spotyka\u0107 b\u0119dziemy si\u0119 w sali 604 B1 niezale\u017cnie od formy zaliczenia: wyk\u0142ad czy laboratorium.<\/p>\n<ol>\n<li>czwartek 11:15-13:00<\/li>\n<li>pi\u0105tek 9:15\u201311:00<\/li>\n<li>poniedzia\u0142ek 9:15\u201311:00<\/li>\n<li>\u015broda (22.06) 12:00 \u2013 13:30<\/li>\n<li>pi\u0105tek (24.06)<\/li>\n<li>wtorek (28.06)<\/li>\n<\/ol>\n<p><strong>Dalszych, \u00a0\u201ezorganizowanych&#8221; termin\u00f3w nie przewiduje si\u0119. Trzeba umawia\u0107 si\u0119 indywidualnie.<\/strong><\/p>\n<p><a href=\"http:\/\/kmim.wm.pwr.edu.pl\/myszka\/events\/informatyka-i-podstawy-informatyki-zaliczenia\/\">Zapraszam do pobierania \u201ebilet\u00f3w\u201d<\/a>.<\/p>\n","protected":false},"excerpt":{"rendered":"<p>Wyznaczy\u0142em pierwsze terminy zalicze\u0144. Obejmuj\u0105 one koniec tego tygodnia i pocz\u0105tek nast\u0119pnego. Kolejne terminy pojawi\u0105 si\u0119 gdy lepiej ogarn\u0119 sw\u00f3j kalendarz i inne obowi\u0105zki. Na miejscu jestem do ko\u0144ca sesji wi\u0119c z tym nie b\u0119dzie\u00a0problemu. Spotyka\u0107 b\u0119dziemy si\u0119 w sali 604 B1 niezale\u017cnie od formy zaliczenia: wyk\u0142ad czy laboratorium. czwartek 11:15-13:00 pi\u0105tek 9:15\u201311:00 poniedzia\u0142ek 9:15\u201311:00 &hellip; <a href=\"https:\/\/kmim.wm.pwr.edu.pl\/myszka\/2016\/06\/14\/terminy-zaliczen-zapisy\/\" class=\"more-link\">Czytaj dalej <span class=\"screen-reader-text\">Terminy zalicze\u0144: zapisy<\/span> <span class=\"meta-nav\">&rarr;<\/span><\/a><\/p>\n","protected":false},"author":1,"featured_media":22885,"comment_status":"closed","ping_status":"open","sticky":false,"template":"","format":"standard","meta":{"ngg_post_thumbnail":0,"footnotes":""},"categories":[112,108],"tags":[104,102],"class_list":["post-23017","post","type-post","status-publish","format-standard","has-post-thumbnail","hentry","category-jezyk-c","category-zaliczenia","tag-air","tag-mechatronika"],"publishpress_future_action":{"enabled":false,"date":"2026-05-07 13:57:26","action":"change-status","newStatus":"draft","terms":[],"taxonomy":"category","extraData":[]},"publishpress_future_workflow_manual_trigger":{"enabledWorkflows":[]},"_links":{"self":[{"href":"https:\/\/kmim.wm.pwr.edu.pl\/myszka\/wp-json\/wp\/v2\/posts\/23017","targetHints":{"allow":["GET"]}}],"collection":[{"href":"https:\/\/kmim.wm.pwr.edu.pl\/myszka\/wp-json\/wp\/v2\/posts"}],"about":[{"href":"https:\/\/kmim.wm.pwr.edu.pl\/myszka\/wp-json\/wp\/v2\/types\/post"}],"author":[{"embeddable":true,"href":"https:\/\/kmim.wm.pwr.edu.pl\/myszka\/wp-json\/wp\/v2\/users\/1"}],"replies":[{"embeddable":true,"href":"https:\/\/kmim.wm.pwr.edu.pl\/myszka\/wp-json\/wp\/v2\/comments?post=23017"}],"version-history":[{"count":3,"href":"https:\/\/kmim.wm.pwr.edu.pl\/myszka\/wp-json\/wp\/v2\/posts\/23017\/revisions"}],"predecessor-version":[{"id":23034,"href":"https:\/\/kmim.wm.pwr.edu.pl\/myszka\/wp-json\/wp\/v2\/posts\/23017\/revisions\/23034"}],"wp:featuredmedia":[{"embeddable":true,"href":"https:\/\/kmim.wm.pwr.edu.pl\/myszka\/wp-json\/wp\/v2\/media\/22885"}],"wp:attachment":[{"href":"https:\/\/kmim.wm.pwr.edu.pl\/myszka\/wp-json\/wp\/v2\/media?parent=23017"}],"wp:term":[{"taxonomy":"category","embeddable":true,"href":"https:\/\/kmim.wm.pwr.edu.pl\/myszka\/wp-json\/wp\/v2\/categories?post=23017"},{"taxonomy":"post_tag","embeddable":true,"href":"https:\/\/kmim.wm.pwr.edu.pl\/myszka\/wp-json\/wp\/v2\/tags?post=23017"}],"curies":[{"name":"wp","href":"https:\/\/api.w.org\/{rel}","templated":true}]}}