{"id":23221,"date":"2016-11-23T14:05:06","date_gmt":"2016-11-23T13:05:06","guid":{"rendered":"https:\/\/kmim.wm.pwr.edu.pl\/myszka\/?p=23221"},"modified":"2017-06-30T10:47:09","modified_gmt":"2017-06-30T08:47:09","slug":"bibliometria-i-wiecej-kilka-uwag-nie-na-temat","status":"publish","type":"post","link":"https:\/\/kmim.wm.pwr.edu.pl\/myszka\/2016\/11\/23\/bibliometria-i-wiecej-kilka-uwag-nie-na-temat\/","title":{"rendered":"Bibliometria i wi\u0119cej: kilka uwag nie na temat"},"content":{"rendered":"<p>Po wielu latach przerwy (poprzedni raz konferencj\u0119 KOWBAN odwiedza\u0142em w roku 1994) postanowi\u0142em zobaczy\u0107 co si\u0119 tam dzieje. I w jesienny dzie\u0144 pojecha\u0142em do Polanicy-Zdroju \u017ceby przedstawi\u0107 tam par\u0119 uwaga na temat, kt\u00f3ry mocno mnie (od d\u0142u\u017cszego ju\u017c czasu) nurtuje. Dok\u0142adniej na temat ekspozycji metadanych.<\/p>\n<p>Od czasu rewelacji og\u0142oszonych przez Edwarda Snowdena (ale te\u017c kilku powa\u017cnych wpadek firm korzystaj\u0105cych ze zbierania metadanych na temat naszych zachowa\u0144 w Internecie) metadane nie maj\u0105 najlepszej prasy, delikatnie m\u00f3wi\u0105c.<\/p>\n<p>Z drugiej strony \u017cycie na uczelni ca\u0142kowicie podporz\u0105dkowane jest r\u00f3\u017cnym fetyszyzowanym wska\u017anikom bibliometrycznym, takim jak indeks h, liczba cytowa\u0144, Lista Filadelfijska. Co gorsza, nie nale\u017cy spodziewa\u0107 si\u0119, \u017ce to si\u0119 zmieni w najbli\u017cszym czasie: dla urz\u0119dnik\u00f3w (zw\u0142aszcza tych co oceniaj\u0105 jednostki albo przyznaj\u0105 \u015brodki) bibliometria jest podstawowym narz\u0119dziem. Opieraj\u0105 si\u0119 na niej r\u00f3wnie\u017c wszystkie rankingi uczelni.<\/p>\n<p>St\u0105d w jasny spos\u00f3b wynika, \u017ce powinno nam (na uczelniach) zale\u017ce\u0107 aby metadane wszystkich prac naukowych by\u0142y jak najszerzej udost\u0119pniane: od tego zale\u017cy jak jeste\u015bmy widoczni (co mocno \u0142\u0105czy si\u0119 z tym jak jeste\u015bmy cytowani).<\/p>\n<p>Poni\u017cej znajduj\u0105 si\u0119 slajdy mojego wyst\u0105pienia:<\/p>\n<a href=\"https:\/\/kmim.wm.pwr.edu.pl\/myszka\/wp-content\/uploads\/sites\/2\/2016\/11\/biblio_prez.pdf\" class=\"pdfemb-viewer\" style=\"\" data-width=\"max\" data-height=\"max\" data-toolbar=\"bottom\" data-toolbar-fixed=\"off\">biblio_prez<\/a>\n<p>Dost\u0119pny jest r\u00f3wnie\u017c tekst pracy przedstawianej na konferencji (i opublikowanej w materia\u0142ach konferencyjnych):&nbsp;<a href=\"https:\/\/kmim.wm.pwr.edu.pl\/myszka\/wp-content\/uploads\/sites\/2\/2016\/11\/bibliometria_Wojciech_Myszka.pdf\">Bibliometria i wi\u0119cej: kilka uwag nie na temat<\/a>.<\/p>\n","protected":false},"excerpt":{"rendered":"<p>Po wielu latach przerwy (poprzedni raz konferencj\u0119 KOWBAN odwiedza\u0142em w roku 1994) postanowi\u0142em zobaczy\u0107 co si\u0119 tam dzieje. I w jesienny dzie\u0144 pojecha\u0142em do Polanicy-Zdroju \u017ceby przedstawi\u0107 tam par\u0119 uwaga na temat, kt\u00f3ry mocno mnie (od d\u0142u\u017cszego ju\u017c czasu) nurtuje. Dok\u0142adniej na temat ekspozycji metadanych. Od czasu rewelacji og\u0142oszonych przez Edwarda Snowdena (ale te\u017c kilku &hellip; <a href=\"https:\/\/kmim.wm.pwr.edu.pl\/myszka\/2016\/11\/23\/bibliometria-i-wiecej-kilka-uwag-nie-na-temat\/\" class=\"more-link\">Czytaj dalej <span class=\"screen-reader-text\">Bibliometria i wi\u0119cej: kilka uwag nie na temat<\/span> <span class=\"meta-nav\">&rarr;<\/span><\/a><\/p>\n","protected":false},"author":1,"featured_media":23223,"comment_status":"closed","ping_status":"open","sticky":false,"template":"","format":"standard","meta":{"ngg_post_thumbnail":0,"footnotes":""},"categories":[39,76],"tags":[33,164],"class_list":["post-23221","post","type-post","status-publish","format-standard","has-post-thumbnail","hentry","category-bibliografia","category-biblioteka","tag-bibtex","tag-cytowania"],"publishpress_future_action":{"enabled":false,"date":"2026-05-09 11:15:38","action":"change-status","newStatus":"draft","terms":[],"taxonomy":"category","extraData":[]},"publishpress_future_workflow_manual_trigger":{"enabledWorkflows":[]},"_links":{"self":[{"href":"https:\/\/kmim.wm.pwr.edu.pl\/myszka\/wp-json\/wp\/v2\/posts\/23221","targetHints":{"allow":["GET"]}}],"collection":[{"href":"https:\/\/kmim.wm.pwr.edu.pl\/myszka\/wp-json\/wp\/v2\/posts"}],"about":[{"href":"https:\/\/kmim.wm.pwr.edu.pl\/myszka\/wp-json\/wp\/v2\/types\/post"}],"author":[{"embeddable":true,"href":"https:\/\/kmim.wm.pwr.edu.pl\/myszka\/wp-json\/wp\/v2\/users\/1"}],"replies":[{"embeddable":true,"href":"https:\/\/kmim.wm.pwr.edu.pl\/myszka\/wp-json\/wp\/v2\/comments?post=23221"}],"version-history":[{"count":2,"href":"https:\/\/kmim.wm.pwr.edu.pl\/myszka\/wp-json\/wp\/v2\/posts\/23221\/revisions"}],"predecessor-version":[{"id":23224,"href":"https:\/\/kmim.wm.pwr.edu.pl\/myszka\/wp-json\/wp\/v2\/posts\/23221\/revisions\/23224"}],"wp:featuredmedia":[{"embeddable":true,"href":"https:\/\/kmim.wm.pwr.edu.pl\/myszka\/wp-json\/wp\/v2\/media\/23223"}],"wp:attachment":[{"href":"https:\/\/kmim.wm.pwr.edu.pl\/myszka\/wp-json\/wp\/v2\/media?parent=23221"}],"wp:term":[{"taxonomy":"category","embeddable":true,"href":"https:\/\/kmim.wm.pwr.edu.pl\/myszka\/wp-json\/wp\/v2\/categories?post=23221"},{"taxonomy":"post_tag","embeddable":true,"href":"https:\/\/kmim.wm.pwr.edu.pl\/myszka\/wp-json\/wp\/v2\/tags?post=23221"}],"curies":[{"name":"wp","href":"https:\/\/api.w.org\/{rel}","templated":true}]}}