{"id":24495,"date":"2016-05-09T15:48:13","date_gmt":"2016-05-09T15:48:13","guid":{"rendered":"http:\/\/Jeden-z-moich-znajomych-pelniacy-w-czasach-slusznie-uznanych-za-niesluszne-w-czasach-tak-zwanego-festiwalu"},"modified":"2016-05-09T15:48:13","modified_gmt":"2016-05-09T15:48:13","slug":"jeden-z-moich-znajomych-pelniacy-w-czasach-slusznie-uznanych-za-niesluszne-w-czasach-tak-zwanego-festiwalu","status":"publish","type":"post","link":"https:\/\/kmim.wm.pwr.edu.pl\/myszka\/2016\/05\/09\/jeden-z-moich-znajomych-pelniacy-w-czasach-slusznie-uznanych-za-niesluszne-w-czasach-tak-zwanego-festiwalu\/","title":{"rendered":"Jeden z moich znajomych, pe\u0142ni\u0105cy w czasach s\u0142usznie uznanych za nies\u0142uszne, w czasach, tak zwanego festiwalu&#8230;"},"content":{"rendered":"<p>        Jeden z moich znajomych, pe\u0142ni\u0105cy w czasach s\u0142usznie uznanych za nies\u0142uszne, w czasach, tak zwanego <em>festiwalu Solidarno\u015bci<\/em> na 1 Maja kaza\u0142 wywiesza\u0107 dwie flagi czerwone i jedn\u0105 bia\u0142o-czerwon\u0105, a na trzeciego \u2014 odwrotnie: dwie bia\u0142o-czerwone i jedn\u0105 czerwon\u0105.<\/p>\n<p>Od tego chyba czasu spogl\u0105dam na wszystkie maszty podejrzliwie: No bo jak rozumie\u0107 sytuacj\u0119 gdy mamy trzy maszty, jedna flaga ba\u0142o-czerwona, a druga Unijna? Jest to wyrachowanie? demonstracja?<\/p>\n<p>Na ca\u0142e szcz\u0119\u015bcie, tu\u017c bok, studenci ta\u0144cz\u0105 Poloneza. I jest jednoznacznie Narodowo.<\/p>\n<p><img decoding=\"async\" class=\"alignnone\" src=\"http:\/\/kmim.wm.pwr.edu.pl\/myszka\/wp-content\/uploads\/sites\/2\/2016\/05\/IMG_20160509_125741.jpg\" alt=\"\" \/><\/p>\n<p><img decoding=\"async\" class=\"alignnone\" src=\"http:\/\/kmim.wm.pwr.edu.pl\/myszka\/wp-content\/uploads\/sites\/2\/2016\/05\/VID_20160509_125816.mp4.gif\" alt=\"\" \/><\/p>\n","protected":false},"excerpt":{"rendered":"<p>        Jeden z moich znajomych, pe\u0142ni\u0105cy w czasach s\u0142usznie uznanych za nies\u0142uszne, w czasach, tak zwanego festiwalu&#8230;<\/p>\n","protected":false},"author":1,"featured_media":0,"comment_status":"open","ping_status":"open","sticky":false,"template":"","format":"standard","meta":{"ngg_post_thumbnail":0,"footnotes":""},"categories":[275],"tags":[],"class_list":["post-24495","post","type-post","status-publish","format-standard","hentry","category-politechnika-wroclawska-ogladana-z-b1"],"publishpress_future_action":{"enabled":false,"date":"2026-05-10 17:47:30","action":"change-status","newStatus":"draft","terms":[],"taxonomy":"category","extraData":[]},"publishpress_future_workflow_manual_trigger":{"enabledWorkflows":[]},"_links":{"self":[{"href":"https:\/\/kmim.wm.pwr.edu.pl\/myszka\/wp-json\/wp\/v2\/posts\/24495","targetHints":{"allow":["GET"]}}],"collection":[{"href":"https:\/\/kmim.wm.pwr.edu.pl\/myszka\/wp-json\/wp\/v2\/posts"}],"about":[{"href":"https:\/\/kmim.wm.pwr.edu.pl\/myszka\/wp-json\/wp\/v2\/types\/post"}],"author":[{"embeddable":true,"href":"https:\/\/kmim.wm.pwr.edu.pl\/myszka\/wp-json\/wp\/v2\/users\/1"}],"replies":[{"embeddable":true,"href":"https:\/\/kmim.wm.pwr.edu.pl\/myszka\/wp-json\/wp\/v2\/comments?post=24495"}],"version-history":[{"count":0,"href":"https:\/\/kmim.wm.pwr.edu.pl\/myszka\/wp-json\/wp\/v2\/posts\/24495\/revisions"}],"wp:attachment":[{"href":"https:\/\/kmim.wm.pwr.edu.pl\/myszka\/wp-json\/wp\/v2\/media?parent=24495"}],"wp:term":[{"taxonomy":"category","embeddable":true,"href":"https:\/\/kmim.wm.pwr.edu.pl\/myszka\/wp-json\/wp\/v2\/categories?post=24495"},{"taxonomy":"post_tag","embeddable":true,"href":"https:\/\/kmim.wm.pwr.edu.pl\/myszka\/wp-json\/wp\/v2\/tags?post=24495"}],"curies":[{"name":"wp","href":"https:\/\/api.w.org\/{rel}","templated":true}]}}